{"id":338,"date":"2023-08-03T08:37:28","date_gmt":"2023-08-03T05:37:28","guid":{"rendered":"https:\/\/papunet.net\/sv\/?p=338"},"modified":"2024-07-31T09:44:31","modified_gmt":"2024-07-31T06:44:31","slug":"tjanster-for-barn-och-familjer","status":"publish","type":"post","link":"https:\/\/papunet.net\/sv\/tjanster-for-barn-och-familjer\/","title":{"rendered":"Tj\u00e4nster f\u00f6r barn och familjer"},"content":{"rendered":"\n<p>En tidig interaktion mellan barnet och f\u00f6r\u00e4ldern skapar en viktig grund f\u00f6r utvecklingen av tal och kommunikation. Vanligtvis \u00e4r ett sp\u00e4dbarn redan fr\u00e5n f\u00f6rsta b\u00f6rjan intresserat, s\u00f6ker kontakt och njuter av n\u00e4rheten till och samvaron med en annan person. Dessa f\u00e4rdigheter \u00e4r n\u00f6dv\u00e4ndiga innan barnet l\u00e4r sig tala. De flesta barn b\u00f6rjar f\u00f6rst\u00e5 tal som relaterar till bekanta situationer n\u00e4r de \u00e4r yngre \u00e4n ett \u00e5r, s\u00e4ger sina f\u00f6rsta ord vid ungef\u00e4r ett \u00e5rs \u00e5lder och b\u00f6rjar kombinera ord vid ett och ett halvt, tv\u00e5 \u00e5rs \u00e5lder.&nbsp;<\/p>\n\n\n\n<p>En f\u00f6rdr\u00f6jning i barnets f\u00f6rm\u00e5ga att uttrycka sig verbalt kan vara relaterad inte enbart till den individuella utvecklingstakten, utan ocks\u00e5 exempelvis till en f\u00f6rdr\u00f6jning i utvecklingen av muntlig framst\u00e4llning eller f\u00f6rst\u00e5else av tal eller till ett mer omfattande problem med interaktionen och utvecklingen. L\u00e5ngsam talinl\u00e4rning kan uppt\u00e4ckas senast d\u00e5 barnet \u00e4r cirka tv\u00e5 \u00e5r. Kommunikationsproblem och mer omfattande utvecklingsrelaterade utmaningar kan uppt\u00e4ckas redan tidigare av sakkunniga. Det \u00e4r viktigt att uppt\u00e4cka utvecklingsrelaterade problem i ett tidigt skede eftersom man med tidigt st\u00f6d och rehabilitering kan st\u00f6dja utvecklingen och f\u00f6rebygga problem som f\u00f6rdr\u00f6jningar kan medf\u00f6ra f\u00f6r s\u00e5v\u00e4l barnet som familjen. F\u00f6r\u00e4ldrarna \u00e4r i behov av st\u00f6d och konkreta anvisningar om hur de kan st\u00f6dja sitt barn och sitt f\u00f6r\u00e4ldraskap. Dessa anvisningar kommer de \u00f6verens om med sakkunniga.&nbsp;<\/p>\n\n\n\n<figure class=\"wp-block-embed is-type-video is-provider-youtube wp-block-embed-youtube wp-embed-aspect-16-9 wp-has-aspect-ratio\"><div class=\"wp-block-embed__wrapper\">\n<div class=\"oembed oembed-youtube\"><iframe loading=\"lazy\" title=\"Yhteist\u00e4 kielt\u00e4 etsim\u00e4ss\u00e4 viittomin, kuvin ja sanoin\" width=\"840\" height=\"473\" src=\"https:\/\/www.youtube.com\/embed\/QHq8u7h-BWc?feature=oembed\" frameborder=\"0\" allow=\"accelerometer; autoplay; clipboard-write; encrypted-media; gyroscope; picture-in-picture; web-share\" referrerpolicy=\"strict-origin-when-cross-origin\" allowfullscreen><\/iframe><\/div>\n<\/div><figcaption class=\"wp-element-caption\">Eemeli deltar i lekar och i annat umg\u00e4nge med sina kompisar p\u00e5 dagis p\u00e5 m\u00e5nga olika s\u00e4tt, trots att han inte talar. Med hj\u00e4lp av videon kan sakkunniga och f\u00f6r\u00e4ldrar f\u00e5 id\u00e9er om hur en vuxen kan st\u00f6dja barnet att delta och kommunicera under fria leksituationer. Videon visar ocks\u00e5 hur bland annat st\u00f6dtecken och bilder kan integreras i interaktionssituationerna p\u00e5 ett vanligt dagis p\u00e5 ett naturligt s\u00e4tt och utg\u00e5ende fr\u00e5n barnets perspektiv.&nbsp;Video: <a href=\"https:\/\/www.kehitysvammaliitto.fi\/tikoteekki\/tietoa\/videot\/\">Tikoteekki (Kehitysvammaliitto)<\/a><\/figcaption><\/figure>\n\n\n\n<h2 class=\"wp-block-heading\">Tidiga st\u00f6dtj\u00e4nster inleds p\u00e5 barnr\u00e5dgivningen och inom talterapin<strong>&nbsp;<\/strong><\/h2>\n\n\n\n<p>Om f\u00f6r\u00e4ldrarna upplever att de inte f\u00e5r kontakt med sitt barn p\u00e5 ett naturligt s\u00e4tt, b\u00f6r de diskutera saken p\u00e5 barnr\u00e5dgivningen. Andra tecken p\u00e5 problem med tal, spr\u00e5k och kommunikation, som \u00e4r sv\u00e5rare att uppt\u00e4cka, \u00e4r exempelvis om barnet inte verkar f\u00f6rst\u00e5 f\u00f6r\u00e4lderns gester, ansiktsuttryck och tal och inte reagerar p\u00e5 ett \u00e4ndam\u00e5lsenligt s\u00e4tt p\u00e5 dem. D\u00e4remot \u00e4r det l\u00e4ttare att uppt\u00e4cka om inl\u00e4rda ord utel\u00e4mnas fr\u00e5n talet, om uttalet \u00e4r mycket otydligt eller om barnet har mycket sv\u00e5rt att kombinera ord till meningar.&nbsp;<\/p>\n\n\n\n<p>P\u00e5 barnr\u00e5dgivningen kan barnet f\u00e5 en remiss till en talterapeut p\u00e5 h\u00e4lsov\u00e5rdscentralen. Talterapeuten utv\u00e4rderar utvecklingen av barnets spr\u00e5k och kommunikation genom att intervjua f\u00f6r\u00e4ldrarna och tillsammans med barnet utf\u00f6ra olika uppgifter. I det h\u00e4r sammanhanget kan talterapeuten ocks\u00e5 testa olika metoder som st\u00f6der och kompletterar talet f\u00f6r att f\u00f6rst\u00e4rka barnets m\u00f6jligheter att uttrycka sig. Exempelvis kan anv\u00e4ndningen av st\u00f6dtecken och bilder\/symboler erbjuda barnet m\u00f6jligheter att uttrycka sig och f\u00f6rst\u00e5 saker och ting. Tack vare detta f\u00f6rst\u00e4rks barnets talutveckling och helhetsutveckling och i synnerhet utvecklingen av sj\u00e4lvbilden och sj\u00e4lvk\u00e4nslan.&nbsp;<\/p>\n\n\n\n<p>En diagnos p\u00e5 en lindrig spr\u00e5kst\u00f6rning kan st\u00e4llas p\u00e5 h\u00e4lsov\u00e5rdscentral. Om barnet har en sv\u00e5r avvikelse i sin tal- och spr\u00e5kutveckling, som misst\u00e4nks bero p\u00e5 en neurologisk sjukdom eller ett syndrom, remitteras barnet till unders\u00f6kningar inom den specialiserade sjukv\u00e5rden.&nbsp;<\/p>\n\n\n\n<h2 class=\"wp-block-heading\">Talterapi<\/h2>\n\n\n\n<p>Talterapi \u00e4r medicinsk rehabilitering som h\u00f6r till tj\u00e4nster inom b\u00e5de prim\u00e4rv\u00e5rden och den specialiserade sjukv\u00e5rden. Inom prim\u00e4rv\u00e5rden g\u00f6r talterapeuten, som en del av en multiprofessionell arbetsgrupp, bed\u00f6mningar, unders\u00f6kningar och rehabiliteringsplaner. Prim\u00e4rv\u00e5rden kan ocks\u00e5 erbjuda talterapiperioder, men intensiva och l\u00e5ngvariga terapiperioder ordnas vanligtvis som k\u00f6pta tj\u00e4nster eller \u00f6verf\u00f6rs till verksamhet som h\u00f6r till FPA:s ansvarsomr\u00e5de.&nbsp;<\/p>\n\n\n\n<p>Inom den specialiserade sjukv\u00e5rden fokuserar talterapeutens arbete vanligtvis p\u00e5 att diagnostisera sjukdom eller skada och att, som en del av en multiprofessionell arbetsgrupp, g\u00f6ra upp en rehabiliteringsplan. Trots att v\u00e4lf\u00e4rdsomr\u00e5dena borde ge alla familjer samma m\u00f6jligheter, verkar det fortfarande vara s\u00e5 att resurser att ordna talterapi kan variera, likas\u00e5 kriterierna f\u00f6r remittering av barn till den specialiserade sjukv\u00e5rden.<\/p>\n\n\n\n<p>Ett barn har r\u00e4tt till talterapi som ordnas av FPA om barnet uppfyller kriterierna f\u00f6r kr\u00e4vande medicinsk rehabilitering. Ans\u00f6kan om medicinsk rehabilitering f\u00f6ruts\u00e4tter att h\u00e4lsov\u00e5rdscentralen eller den specialiserade sjukv\u00e5rdsenheten g\u00f6r upp en rehabiliteringsplan f\u00f6r barnet. Familjen kan sj\u00e4lv v\u00e4lja serviceproducent f\u00f6r talterapin bland de serviceproducenter FPA har ing\u00e5tt avtal med. Valet ska g\u00f6ras redan innan ans\u00f6kan om rehabilitering l\u00e4mnas in, eftersom ans\u00f6kan ska inneh\u00e5lla uppgifter om serviceproducenten och tidpunkt d\u00e5 terapin inleds. D\u00e4rf\u00f6r m\u00e5ste familjen komma ih\u00e5g att s\u00e4kerst\u00e4lla att den valda talterapeuten kan p\u00e5b\u00f6rja terapin enligt planerad tidtabell.&nbsp;<\/p>\n\n\n\n<p><a href=\"https:\/\/www.kela.fi\/kravande-medicinsk-rehabilitering\">Mer information om kr\u00e4vande medicinsk rehabilitering<\/a> (FPA)<\/p>\n\n\n\n<p>Talterapin kan ordnas i barnets vardagsmilj\u00f6 exempelvis i hemmet, skolan eller daghemmet. Handledning f\u00f6r f\u00f6r\u00e4ldrarna och andra n\u00e4rst\u00e5ende \u00e4r en central del av terapin och ges antingen i samband med terapibes\u00f6ket eller under separata handledningsbes\u00f6k. En lyckad kommunikationsrehabilitering ska alltid ske med st\u00f6d av barnets familjemedlemmar och n\u00e4rmaste omgivning, eftersom barnet l\u00e4r sig kommunicera endast genom att umg\u00e5s med andra m\u00e4nniskor.&nbsp;<\/p>\n\n\n\n<h2 class=\"wp-block-heading\">Kommunikationshj\u00e4lpmedel<strong>&nbsp;<\/strong><\/h2>\n\n\n\n<p>En talterapeut inom prim\u00e4rv\u00e5rden kan bed\u00f6ma om ett barn har nytta av ett kommunikationshj\u00e4lpmedel. Utg\u00e5ende fr\u00e5n bed\u00f6mningen f\u00e5r barnet vid behov en remiss till hj\u00e4lpmedelsservicen inom den specialiserade sjukv\u00e5rden. Kommunikationshj\u00e4lpmedel h\u00f6r i allm\u00e4nhet till hj\u00e4lpmedel som l\u00e4mnas ut av den specialiserade sjukv\u00e5rden. Hj\u00e4lpmedlen \u00e4r avgiftsfria och de omfattas av den medicinska rehabiliteringen.&nbsp;<\/p>\n\n\n\n<p>Testning och val av kommunikationshj\u00e4lpmedel f\u00f6ruts\u00e4tter ett n\u00e4ra samarbete mellan sakkunniga inom hj\u00e4lpmedelsbranschen, barnet som \u00e4r i behov av hj\u00e4lpmedlet och barnets n\u00e4rst\u00e5ende. De n\u00e4rst\u00e5ende, talterapeuten som genomf\u00f6r rehabiliteringen och personal fr\u00e5n daghem eller skola kan delta i bed\u00f6mningen av barnets hj\u00e4lpmedel. Mer kr\u00e4vande hj\u00e4lpmedelsbed\u00f6mningar g\u00f6rs p\u00e5 hj\u00e4lpmedelsenheterna p\u00e5 centralsjukhusen, i IT- och kommunikationscentret Tikoteket eller i enheter som producerar motsvarande tj\u00e4nster.&nbsp;<\/p>\n\n\n\n<p>Uppgifter om hj\u00e4lpmedelsservicen ska antecknas i barnets rehabiliterings- och serviceplan.&nbsp;<mark style=\"background-color:#ffffff\" class=\"has-inline-color has-black-color\"> <a href=\"https:\/\/papunet.net\/sv\/kommunikationsrehabilitering-och-hjalpmedelsservice\/\">Mer information om kommunikationsrehabilitering och hj\u00e4lpmedelsservice.<\/a><\/mark><\/p>\n\n\n\n<h2 class=\"wp-block-heading\">Undervisning och handledning i kommunikation&nbsp;<\/h2>\n\n\n\n<p>Undervisning och handledning i kommunikation \u00e4r enligt handikappservicelagen verksamhet som ordnas som anslagsbunden anpassningstr\u00e4ning och som kompletterar h\u00e4lsov\u00e5rdens rehabiliteringstj\u00e4nster. Man ans\u00f6ker om undervisning och handledning i kommunikation hos socialf\u00f6rvaltningen i hemkommunen.&nbsp;<\/p>\n\n\n\n<p>Handledning i kommunikation har en stor betydelse vid inl\u00e4rningen av st\u00f6dtecken och d\u00e5 st\u00f6dtecken tas i bruk i familjens vardag. Handledning i kommunikation \u00e4r ocks\u00e5 handledning f\u00f6r barnets familjemedlemmar och andra n\u00e4rst\u00e5ende i anv\u00e4ndningen av andra medel som st\u00f6der och kompletterar barnets tal.<\/p>\n\n\n\n<p>Handledning s\u00f6ks hos socialf\u00f6rvaltningen i kommunen och till ans\u00f6kan ska bifogas en rekommendation av exempelvis en talterapeut vid hj\u00e4lpmedelscentralen eller av den talterapeut som ansvarar f\u00f6r barnets rehabilitering.&nbsp;<\/p>\n\n\n\n<p><mark style=\"background-color:#ffffff\" class=\"has-inline-color has-black-color\"><a href=\"https:\/\/papunet.net\/sv\/handledning-i-alternativ-och-kompletterande-kommunikation-akk\/\">Mer information om handledning i alternativ och kompletterande kommunikation (AKK)<\/a><\/mark><\/p>\n\n\n\n<h2 class=\"wp-block-heading\">Tolktj\u00e4nst<strong>&nbsp;<\/strong><\/h2>\n\n\n\n<p>Personer med tal- eller kommunikationssv\u00e5righeter f\u00e5r vanligtvis tolktj\u00e4nst via FPA. Undantag \u00e4r barn och unga som g\u00e5r i grundskolan och som f\u00e5r den tolktj\u00e4nst de beh\u00f6ver via undervisningsv\u00e4sendet.&nbsp;<\/p>\n\n\n\n<p>Barn med tal- eller kommunikationssv\u00e5righeter anv\u00e4nder sig \u00e4nd\u00e5 av tolktj\u00e4nst i mycket liten utstr\u00e4ckning. Det h\u00e4r g\u00e4ller b\u00e5de tolktj\u00e4nst som ordnas av FPA exempelvis f\u00f6r hobbyverksamhet och tolktj\u00e4nst som ordnas i skolor och daghem med st\u00f6d av lagen om grundl\u00e4ggande utbildning och lagen om sm\u00e5barnspedagogik. Orsakerna till den obetydliga anv\u00e4ndningen har inte unders\u00f6kts.&nbsp;<\/p>\n\n\n\n<p><mark style=\"background-color:#ffffff\" class=\"has-inline-color has-black-color\"><a href=\"https:\/\/papunet.net\/sv\/tolktjanst\/\">Mer information om tolktj\u00e4nst<\/a><\/mark><\/p>\n\n\n\n<h2 class=\"wp-block-heading\">Personlig assistans<strong>&nbsp;<\/strong><\/h2>\n\n\n\n<p>Om assistansen av en skolg\u00e5ngshandledare, som ordnas av undervisningsv\u00e4sendet, inte r\u00e4cker till f\u00f6r att st\u00f6dja barnets skolg\u00e5ng, kan man hos kommunens service f\u00f6r personer med funktionsneds\u00e4ttning ans\u00f6ka om personlig assistans. Tj\u00e4nsten s\u00f6ks hos socialf\u00f6rvaltningen i kommunen.&nbsp;<\/p>\n\n\n\n<p><a href=\"https:\/\/papunet.net\/sv\/personlig-assistans-och-stod-i-skolgangen\/\">Mer information om personlig assistans<\/a><\/p>\n\n\n\n<h2 class=\"wp-block-heading\">Serviceplan<\/h2>\n\n\n\n<p>Tillsammans med en socialarbetare uppg\u00f6rs en serviceplan f\u00f6r behovet av st\u00f6dtj\u00e4nster.<\/p>\n\n\n\n<p><a href=\"https:\/\/papunet.net\/sv\/ansokan-om-service-och-serviceplan\/\">Mer information om ans\u00f6kan om service och serviceplan<\/a><\/p>\n\n\n\n<p>F\u00f6rutom st\u00f6d fr\u00e5n experter kan det finnas behov av att dela erfarenheter och upplevelser med andra m\u00e4nniskor som \u00e4r i en liknande situation.<\/p>\n\n\n\n<p><a href=\"https:\/\/papunet.net\/sv\/radgivning-och-kamratstod\/\">Mer information om r\u00e5dgivning och kamratst\u00f6d<\/a> <\/p>\n\n\n\n<h2 class=\"wp-block-heading\">Mer information<\/h2>\n\n\n\n<p><a href=\"https:\/\/www.terveyskyla.fi\/lastentalo\/sv\/information-om-barns-sjukdomar\/avvikelser-i-utvecklingen-och-inl%C3%A4rningssv%C3%A5righeter\/avvikelser-i-tal-och-spr%C3%A5kutvecklingen\">Avvikelser i tal- och spr\u00e5kutvecklingen<\/a>&nbsp;(H\u00e4lsobyn)<\/p>\n\n\n\n<p><a href=\"https:\/\/www.kela.fi\/kravande-medicinsk-rehabilitering\">Kr\u00e4vande medicinsk rehabilitering<\/a>&nbsp;(FPA)<\/p>\n\n\n\n<p><a href=\"https:\/\/www.kela.fi\/kravande-medicinsk-rehabilitering-sa-har-ansoker-du\">S\u00e5 h\u00e4r ans\u00f6ker du om kr\u00e4vande medicinsk rehabilitering<\/a>&nbsp;(FPA)<\/p>\n\n\n\n<p><a href=\"https:\/\/www.kela.fi\/tolktjanst-funktionsnedsattning\">Tolktj\u00e4nst f\u00f6r personer med funktionsneds\u00e4ttning<\/a> (FPA)<\/p>\n\n\n\n<p><a href=\"https:\/\/www.fduv.fi\/sv\/information\/funktionshinderservice\/socialskyddsguide\/\">Socialskyddsguiden<\/a> (FDUV)<\/p>\n\n\n\n<div class=\"custom-element image-title-text-content-links no-image bg-purple show-border\">\n                        <div class=\"row justify-content-center title-row\">\n                    <div class=\"col col-xl-12 row-content row-content\">\n                        <h2>K\u00e4lla<\/h2>\n                    <\/div>\n                <\/div>\n                            <div class=\"row justify-content-center content-row\">\n                    <div class=\"col col-xl-12 row-content row-content entry-content\">\n                        <p><em>Text: <a href=\"https:\/\/papunet.net\/palvelut-lapsille-ja-perheille\/\">Palvelut lapsille ja perheille &#8211; Papunet<\/a> (p\u00e5 finska)<\/em><br \/>\n<em>\u00d6vers\u00e4ttning och bearbetning till svenska: <\/em><a href=\"https:\/\/folkhalsan.fi\/\"><em>Folkh\u00e4lsan<\/em><\/a><em> och <\/em><a href=\"https:\/\/www.larum.fi\/sv\/start\/\"><em>L\u00e4rum<\/em><\/a><\/p>\n                    <\/div>\n                <\/div>\n            <\/div>\n","protected":false},"excerpt":{"rendered":"<p>Det \u00e4r vanligt att st\u00f6rningar i utvecklingen hos barn tar sig uttryck som<br \/>\navvikelser i tal- och spr\u00e5kutvecklingen. Tidig habilitering och handledning \u00e4r en del av de tj\u00e4nster som erbjuds barn och familjer. <\/p>\n","protected":false},"author":5,"featured_media":803,"comment_status":"open","ping_status":"open","sticky":false,"template":"","format":"standard","meta":{"_acf_changed":false,"_relevanssi_hide_post":"","_relevanssi_pin_for_all":"","_relevanssi_pin_keywords":"","_relevanssi_unpin_keywords":"","_relevanssi_related_keywords":"","_relevanssi_related_include_ids":"","_relevanssi_related_exclude_ids":"","_relevanssi_related_no_append":"","_relevanssi_related_not_related":"","_relevanssi_related_posts":"","_relevanssi_noindex_reason":"","footnotes":""},"categories":[64],"content_types":[6],"id_themes":[],"class_list":["post-338","post","type-post","status-publish","format-standard","has-post-thumbnail","hentry","category-tjanster-och-stod","content_types-information"],"yoast_head":"<!-- This site is optimized with the Yoast SEO plugin v22.7 - https:\/\/yoast.com\/wordpress\/plugins\/seo\/ -->\n<title>Tj\u00e4nster f\u00f6r barn och familjer - Papunet p\u00e5 svenska<\/title>\n<meta name=\"robots\" content=\"index, follow, max-snippet:-1, max-image-preview:large, max-video-preview:-1\" \/>\n<link rel=\"canonical\" href=\"https:\/\/papunet.net\/sv\/tjanster-for-barn-och-familjer\/\" \/>\n<meta property=\"og:locale\" content=\"sv_SE\" \/>\n<meta property=\"og:type\" content=\"article\" \/>\n<meta property=\"og:title\" content=\"Tj\u00e4nster f\u00f6r barn och familjer - Papunet p\u00e5 svenska\" \/>\n<meta property=\"og:description\" content=\"Det \u00e4r vanligt att st\u00f6rningar i utvecklingen hos barn tar sig uttryck som avvikelser i tal- och spr\u00e5kutvecklingen. Tidig habilitering och handledning \u00e4r en del av de tj\u00e4nster som erbjuds barn och familjer.\" \/>\n<meta property=\"og:url\" content=\"https:\/\/papunet.net\/sv\/tjanster-for-barn-och-familjer\/\" \/>\n<meta property=\"og:site_name\" content=\"Papunet p\u00e5 svenska\" \/>\n<meta property=\"article:published_time\" content=\"2023-08-03T05:37:28+00:00\" \/>\n<meta property=\"article:modified_time\" content=\"2024-07-31T06:44:31+00:00\" \/>\n<meta property=\"og:image\" content=\"https:\/\/papunet.net\/sv\/wp-content\/uploads\/sites\/2\/2023\/09\/iStock-963433418.jpg\" \/>\n\t<meta property=\"og:image:width\" content=\"500\" \/>\n\t<meta property=\"og:image:height\" content=\"333\" \/>\n\t<meta property=\"og:image:type\" content=\"image\/jpeg\" \/>\n<meta name=\"author\" content=\"maija.ylatupa\" \/>\n<meta name=\"twitter:card\" content=\"summary_large_image\" \/>\n<meta name=\"twitter:label1\" content=\"Skriven av\" \/>\n\t<meta name=\"twitter:data1\" content=\"maija.ylatupa\" \/>\n\t<meta name=\"twitter:label2\" content=\"Ber\u00e4knad l\u00e4stid\" \/>\n\t<meta name=\"twitter:data2\" content=\"7 minuter\" \/>\n<script type=\"application\/ld+json\" class=\"yoast-schema-graph\">{\"@context\":\"https:\/\/schema.org\",\"@graph\":[{\"@type\":\"WebPage\",\"@id\":\"https:\/\/papunet.net\/sv\/tjanster-for-barn-och-familjer\/\",\"url\":\"https:\/\/papunet.net\/sv\/tjanster-for-barn-och-familjer\/\",\"name\":\"Tj\u00e4nster f\u00f6r barn och familjer - Papunet p\u00e5 svenska\",\"isPartOf\":{\"@id\":\"https:\/\/papunet.net\/sv\/#website\"},\"primaryImageOfPage\":{\"@id\":\"https:\/\/papunet.net\/sv\/tjanster-for-barn-och-familjer\/#primaryimage\"},\"image\":{\"@id\":\"https:\/\/papunet.net\/sv\/tjanster-for-barn-och-familjer\/#primaryimage\"},\"thumbnailUrl\":\"https:\/\/papunet.net\/sv\/wp-content\/uploads\/sites\/2\/2023\/09\/iStock-963433418.jpg\",\"datePublished\":\"2023-08-03T05:37:28+00:00\",\"dateModified\":\"2024-07-31T06:44:31+00:00\",\"author\":{\"@id\":\"https:\/\/papunet.net\/sv\/#\/schema\/person\/34695717bdf4fb525dde35f1465e8325\"},\"breadcrumb\":{\"@id\":\"https:\/\/papunet.net\/sv\/tjanster-for-barn-och-familjer\/#breadcrumb\"},\"inLanguage\":\"sv-SE\",\"potentialAction\":[{\"@type\":\"ReadAction\",\"target\":[\"https:\/\/papunet.net\/sv\/tjanster-for-barn-och-familjer\/\"]}]},{\"@type\":\"ImageObject\",\"inLanguage\":\"sv-SE\",\"@id\":\"https:\/\/papunet.net\/sv\/tjanster-for-barn-och-familjer\/#primaryimage\",\"url\":\"https:\/\/papunet.net\/sv\/wp-content\/uploads\/sites\/2\/2023\/09\/iStock-963433418.jpg\",\"contentUrl\":\"https:\/\/papunet.net\/sv\/wp-content\/uploads\/sites\/2\/2023\/09\/iStock-963433418.jpg\",\"width\":500,\"height\":333},{\"@type\":\"BreadcrumbList\",\"@id\":\"https:\/\/papunet.net\/sv\/tjanster-for-barn-och-familjer\/#breadcrumb\",\"itemListElement\":[{\"@type\":\"ListItem\",\"position\":1,\"name\":\"Framsida\",\"item\":\"https:\/\/papunet.net\/sv\/\"},{\"@type\":\"ListItem\",\"position\":2,\"name\":\"Information\",\"item\":\"https:\/\/papunet.net\/sv\/information\/\"},{\"@type\":\"ListItem\",\"position\":3,\"name\":\"Tj\u00e4nster f\u00f6r barn och familjer\"}]},{\"@type\":\"WebSite\",\"@id\":\"https:\/\/papunet.net\/sv\/#website\",\"url\":\"https:\/\/papunet.net\/sv\/\",\"name\":\"Papunet p\u00e5 svenska\",\"description\":\"\",\"potentialAction\":[{\"@type\":\"SearchAction\",\"target\":{\"@type\":\"EntryPoint\",\"urlTemplate\":\"https:\/\/papunet.net\/sv\/?s={search_term_string}\"},\"query-input\":\"required name=search_term_string\"}],\"inLanguage\":\"sv-SE\"},{\"@type\":\"Person\",\"@id\":\"https:\/\/papunet.net\/sv\/#\/schema\/person\/34695717bdf4fb525dde35f1465e8325\",\"name\":\"maija.ylatupa\",\"image\":{\"@type\":\"ImageObject\",\"inLanguage\":\"sv-SE\",\"@id\":\"https:\/\/papunet.net\/sv\/#\/schema\/person\/image\/\",\"url\":\"https:\/\/secure.gravatar.com\/avatar\/b0ef14b9722215d108a22e6f7a8d85b5a2db872e9a9be47459f3578136364b16?s=96&d=mm&r=g\",\"contentUrl\":\"https:\/\/secure.gravatar.com\/avatar\/b0ef14b9722215d108a22e6f7a8d85b5a2db872e9a9be47459f3578136364b16?s=96&d=mm&r=g\",\"caption\":\"maija.ylatupa\"},\"url\":\"https:\/\/papunet.net\/sv\/author\/maija-ylatupa\/\"}]}<\/script>\n<!-- \/ Yoast SEO plugin. -->","yoast_head_json":{"title":"Tj\u00e4nster f\u00f6r barn och familjer - Papunet p\u00e5 svenska","robots":{"index":"index","follow":"follow","max-snippet":"max-snippet:-1","max-image-preview":"max-image-preview:large","max-video-preview":"max-video-preview:-1"},"canonical":"https:\/\/papunet.net\/sv\/tjanster-for-barn-och-familjer\/","og_locale":"sv_SE","og_type":"article","og_title":"Tj\u00e4nster f\u00f6r barn och familjer - Papunet p\u00e5 svenska","og_description":"Det \u00e4r vanligt att st\u00f6rningar i utvecklingen hos barn tar sig uttryck som avvikelser i tal- och spr\u00e5kutvecklingen. Tidig habilitering och handledning \u00e4r en del av de tj\u00e4nster som erbjuds barn och familjer.","og_url":"https:\/\/papunet.net\/sv\/tjanster-for-barn-och-familjer\/","og_site_name":"Papunet p\u00e5 svenska","article_published_time":"2023-08-03T05:37:28+00:00","article_modified_time":"2024-07-31T06:44:31+00:00","og_image":[{"width":500,"height":333,"url":"https:\/\/papunet.net\/sv\/wp-content\/uploads\/sites\/2\/2023\/09\/iStock-963433418.jpg","type":"image\/jpeg"}],"author":"maija.ylatupa","twitter_card":"summary_large_image","twitter_misc":{"Skriven av":"maija.ylatupa","Ber\u00e4knad l\u00e4stid":"7 minuter"},"schema":{"@context":"https:\/\/schema.org","@graph":[{"@type":"WebPage","@id":"https:\/\/papunet.net\/sv\/tjanster-for-barn-och-familjer\/","url":"https:\/\/papunet.net\/sv\/tjanster-for-barn-och-familjer\/","name":"Tj\u00e4nster f\u00f6r barn och familjer - Papunet p\u00e5 svenska","isPartOf":{"@id":"https:\/\/papunet.net\/sv\/#website"},"primaryImageOfPage":{"@id":"https:\/\/papunet.net\/sv\/tjanster-for-barn-och-familjer\/#primaryimage"},"image":{"@id":"https:\/\/papunet.net\/sv\/tjanster-for-barn-och-familjer\/#primaryimage"},"thumbnailUrl":"https:\/\/papunet.net\/sv\/wp-content\/uploads\/sites\/2\/2023\/09\/iStock-963433418.jpg","datePublished":"2023-08-03T05:37:28+00:00","dateModified":"2024-07-31T06:44:31+00:00","author":{"@id":"https:\/\/papunet.net\/sv\/#\/schema\/person\/34695717bdf4fb525dde35f1465e8325"},"breadcrumb":{"@id":"https:\/\/papunet.net\/sv\/tjanster-for-barn-och-familjer\/#breadcrumb"},"inLanguage":"sv-SE","potentialAction":[{"@type":"ReadAction","target":["https:\/\/papunet.net\/sv\/tjanster-for-barn-och-familjer\/"]}]},{"@type":"ImageObject","inLanguage":"sv-SE","@id":"https:\/\/papunet.net\/sv\/tjanster-for-barn-och-familjer\/#primaryimage","url":"https:\/\/papunet.net\/sv\/wp-content\/uploads\/sites\/2\/2023\/09\/iStock-963433418.jpg","contentUrl":"https:\/\/papunet.net\/sv\/wp-content\/uploads\/sites\/2\/2023\/09\/iStock-963433418.jpg","width":500,"height":333},{"@type":"BreadcrumbList","@id":"https:\/\/papunet.net\/sv\/tjanster-for-barn-och-familjer\/#breadcrumb","itemListElement":[{"@type":"ListItem","position":1,"name":"Framsida","item":"https:\/\/papunet.net\/sv\/"},{"@type":"ListItem","position":2,"name":"Information","item":"https:\/\/papunet.net\/sv\/information\/"},{"@type":"ListItem","position":3,"name":"Tj\u00e4nster f\u00f6r barn och familjer"}]},{"@type":"WebSite","@id":"https:\/\/papunet.net\/sv\/#website","url":"https:\/\/papunet.net\/sv\/","name":"Papunet p\u00e5 svenska","description":"","potentialAction":[{"@type":"SearchAction","target":{"@type":"EntryPoint","urlTemplate":"https:\/\/papunet.net\/sv\/?s={search_term_string}"},"query-input":"required name=search_term_string"}],"inLanguage":"sv-SE"},{"@type":"Person","@id":"https:\/\/papunet.net\/sv\/#\/schema\/person\/34695717bdf4fb525dde35f1465e8325","name":"maija.ylatupa","image":{"@type":"ImageObject","inLanguage":"sv-SE","@id":"https:\/\/papunet.net\/sv\/#\/schema\/person\/image\/","url":"https:\/\/secure.gravatar.com\/avatar\/b0ef14b9722215d108a22e6f7a8d85b5a2db872e9a9be47459f3578136364b16?s=96&d=mm&r=g","contentUrl":"https:\/\/secure.gravatar.com\/avatar\/b0ef14b9722215d108a22e6f7a8d85b5a2db872e9a9be47459f3578136364b16?s=96&d=mm&r=g","caption":"maija.ylatupa"},"url":"https:\/\/papunet.net\/sv\/author\/maija-ylatupa\/"}]}},"acf":[],"_links":{"self":[{"href":"https:\/\/papunet.net\/sv\/wp-json\/wp\/v2\/posts\/338","targetHints":{"allow":["GET"]}}],"collection":[{"href":"https:\/\/papunet.net\/sv\/wp-json\/wp\/v2\/posts"}],"about":[{"href":"https:\/\/papunet.net\/sv\/wp-json\/wp\/v2\/types\/post"}],"author":[{"embeddable":true,"href":"https:\/\/papunet.net\/sv\/wp-json\/wp\/v2\/users\/5"}],"replies":[{"embeddable":true,"href":"https:\/\/papunet.net\/sv\/wp-json\/wp\/v2\/comments?post=338"}],"version-history":[{"count":15,"href":"https:\/\/papunet.net\/sv\/wp-json\/wp\/v2\/posts\/338\/revisions"}],"predecessor-version":[{"id":4404,"href":"https:\/\/papunet.net\/sv\/wp-json\/wp\/v2\/posts\/338\/revisions\/4404"}],"wp:featuredmedia":[{"embeddable":true,"href":"https:\/\/papunet.net\/sv\/wp-json\/wp\/v2\/media\/803"}],"wp:attachment":[{"href":"https:\/\/papunet.net\/sv\/wp-json\/wp\/v2\/media?parent=338"}],"wp:term":[{"taxonomy":"category","embeddable":true,"href":"https:\/\/papunet.net\/sv\/wp-json\/wp\/v2\/categories?post=338"},{"taxonomy":"content_types","embeddable":true,"href":"https:\/\/papunet.net\/sv\/wp-json\/wp\/v2\/content_types?post=338"},{"taxonomy":"id_themes","embeddable":true,"href":"https:\/\/papunet.net\/sv\/wp-json\/wp\/v2\/id_themes?post=338"}],"curies":[{"name":"wp","href":"https:\/\/api.w.org\/{rel}","templated":true}]}}