{"id":3450,"date":"2024-09-13T15:01:29","date_gmt":"2024-09-13T12:01:29","guid":{"rendered":"https:\/\/papunet.net\/sv\/?p=3450"},"modified":"2025-06-18T10:52:31","modified_gmt":"2025-06-18T07:52:31","slug":"da-barnet-kommer-med-ett-eget-sprak","status":"publish","type":"post","link":"https:\/\/papunet.net\/sv\/da-barnet-kommer-med-ett-eget-sprak\/","title":{"rendered":"D\u00e5 barnet kommer med ett eget spr\u00e5k"},"content":{"rendered":"\n<p>D\u00e5 ett barn f\u00f6ds kommer barnet till en familj och krets i vilken ett eller flera spr\u00e5k ing\u00e5r. Fr\u00e5n dag ett \u00f6ver\u00f6ser omgivningen barnet med spr\u00e5k \u2013 det spr\u00e5k n\u00e5gon redan beh\u00e4rskar. Det \u00e4r barnet som f\u00e5r l\u00e4ra sig n\u00e5got nytt och omgivningen f\u00e5r prata p\u00e5 som f\u00f6rr. Och l\u00e5ngt innan barnet producerar ett ord som existerar i n\u00e5got av omgivningens spr\u00e5k l\u00e4r sig omgivningen f\u00f6rst\u00e5 barnets behov.<\/p>\n\n\n\n<p>Om barnet&nbsp;kommer&nbsp;att beh\u00f6va ett alternativt eller kompletterande s\u00e4tt att kommunicera s\u00e5 betyder det i de allra flesta fall att hela omgivningen skall l\u00e4ra sig n\u00e5got nytt. Det g\u00e4ller \u00e4ven f\u00f6r f\u00f6r\u00e4ldrarna. I det skede behovet av alternativ kommunikation uppdagas har \u00e4nd\u00e5 omgivningen och speciellt f\u00f6r\u00e4ldrarna l\u00e4rt sig kommunicera med sitt barn. De facto kan kommunikationen ofta upplevas som det minsta bekymret i vardagen, \u00e4ven om det \u00e4r klart att kommunikationen p\u00e5 sikt kan bli en st\u00f6rre utmaning.<\/p>\n\n\n\n<h2 class=\"wp-block-heading\">Mycket nytt p\u00e5 en g\u00e5ng<\/h2>\n\n\n\n<p>F\u00f6r n\u00e4romgivningen betyder det inte enbart att ett nytt spr\u00e5k m\u00e5ste l\u00e4ras in. Ofta m\u00e5ste m\u00e5nga andra nya rutiner och system tas in samtidigt f\u00f6r att underl\u00e4tta vardagen f\u00f6r barnet. De flesta rutiner kan bli mycket arbetsdryga. Vid sidan av allt det skall f\u00f6r\u00e4ldrarna dessutom helst komma ig\u00e5ng och bearbeta processen att allt blev annorlunda.<\/p>\n\n\n\n<h2 class=\"wp-block-heading\">N\u00e5gra ord i taget<\/h2>\n\n\n\n<p>Oftal\u00e4r man sig ett nytt spr\u00e5k n\u00e5gra ord i taget. Ord som \u00e4r h\u00f6gmotiverande \u00e4r ofta l\u00e4ttare att bef\u00e4sta och samtidigt bef\u00e4ster man kommunikation som en interaktiv upplevelse. Behovet av kommunikation finns hos alla medan insikten av vad kommunikation \u00e4r varierar stort. Ett talande barn b\u00f6rjar med att plocka fram de ord som intresserar mest. P\u00e5 samma s\u00e4tt b\u00e4r det l\u00e4ngre ifall ett barn som anv\u00e4nder symboler har samtalskartor med ord som har betydelse och \u00e4r viktiga f\u00f6r barnet. Det kan vara sv\u00e5rt att tolka vilka de \u00e4r.<\/p>\n\n\n\n<h2 class=\"wp-block-heading\">En eller fler att kommunicera med<\/h2>\n\n\n\n<p>Om vi vill att m\u00e5nga skall kunna kommunicera med barnet som har behov av AKK, s\u00e5 kan det vara p\u00e5 sin plats att fundera p\u00e5 hur den n\u00e4rmaste kretsen skall kunna l\u00e4ra sig spr\u00e5ket och i sm\u00e5 portioner ta till sig det och gradvis l\u00e4ra sig mera. Man kan ocks\u00e5 t\u00e4nka sig olika samtals\u00e4mnen. N\u00e5gon fokuserar p\u00e5 att diskutera kl\u00e4der, n\u00e5gon annan kan diskutera saker i hemmet.&nbsp; Detta fungerar b\u00e5de vad g\u00e4ller symboler och tecken som st\u00f6d.<\/p>\n\n\n\n<p>Ett talande barn har orden med sig \u00f6verallt. Ett barn som anv\u00e4nder tecken som st\u00f6d har dem ocks\u00e5 med sig. F\u00f6r att uppn\u00e5 samma med ett barn som anv\u00e4nder symboler kan det vara bra att ha olika kombinationer framme. Enskilda centrala ord kan finnas i knippen p\u00e5 olika h\u00e5ll. Med dessa knippen kan enkla behov och \u00f6nskningar formuleras. Situationskartor kan vara utplacerade p\u00e5 platser n\u00e4ra specifika aktiviteter. En matkarta vid matbordet och en kl\u00e4dkarta i tamburen blir l\u00e4tta att komma ig\u00e5ng med.<\/p>\n\n\n\n<p>Kr\u00e4vs det f\u00f6r mycket och f\u00f6r snabbt s\u00e5 kommer man att n\u00f6ja sig med det s\u00e4tt man redan kommunicerar p\u00e5. Olika gester, ljud och sj\u00e4lv p\u00e5hittade tecken fungerar ju hur bra som helst. Bekymret \u00e4r att utan en tolk \u00e4r det f\u00e5 andra som f\u00f6rst\u00e5r vad som s\u00e4gs. Lika ensidigt blir det ifall kommunikationsp\u00e4rmen \u00e4r f\u00f6r omfattande och sv\u00e5r. Hemma \u00e4r det kanske bara mamma och i daghemmet\/skolan en assistent som anv\u00e4nder den. Och morfar forts\u00e4tter att gestikulera p\u00e5 ett s\u00e4tt som bara han och barnet f\u00f6rst\u00e5r.<\/p>\n\n\n\n<p><em>Text: Johan Palm\u00e9n. Palm\u00e9n \u00e4r&nbsp;sakkunnig inom specialpedagogisk AKK och IKT p\u00e5 Folkh\u00e4lsan.&nbsp;Han har tidigare jobbat som specialklassl\u00e4rare och m\u00f6tt elever med olika inl\u00e4rningssv\u00e5righeter och utmaningar. Denna kolumn har ocks\u00e5 publicerats p\u00e5 <a href=\"https:\/\/folkhalsan.fi\/tidningen-folkhalsan\/kolumner\/kolumn-eget-sprak\/\">Folkh\u00e4lsan.fi<\/a>.<\/em><\/p>\n\n\n\n<p>Publicerad: 13.9.2024<\/p>\n\n\n\n<p><a href=\"https:\/\/papunet.net\/sv\/information\/kolumner\/\">L\u00e4s mera kolumner<\/a><\/p>\n","protected":false},"excerpt":{"rendered":"<p>Om barnet kommer att beh\u00f6va ett alternativt eller kompletterande s\u00e4tt att kommunicera s\u00e5 betyder det i de allra flesta fall att hela omgivningen skall l\u00e4ra sig n\u00e5got nytt. Det g\u00e4ller \u00e4ven f\u00f6r f\u00f6r\u00e4ldrarna. <\/p>\n","protected":false},"author":5,"featured_media":4867,"comment_status":"closed","ping_status":"closed","sticky":false,"template":"","format":"standard","meta":{"_acf_changed":false,"_relevanssi_hide_post":"","_relevanssi_pin_for_all":"","_relevanssi_pin_keywords":"","_relevanssi_unpin_keywords":"","_relevanssi_related_keywords":"","_relevanssi_related_include_ids":"","_relevanssi_related_exclude_ids":"","_relevanssi_related_no_append":"","_relevanssi_related_not_related":"","_relevanssi_related_posts":"","_relevanssi_noindex_reason":"","footnotes":""},"categories":[89],"content_types":[6],"id_themes":[],"class_list":["post-3450","post","type-post","status-publish","format-standard","has-post-thumbnail","hentry","category-kolumner","content_types-information"],"yoast_head":"<!-- This site is optimized with the Yoast SEO plugin v22.7 - https:\/\/yoast.com\/wordpress\/plugins\/seo\/ -->\n<title>D\u00e5 barnet kommer med ett eget spr\u00e5k - Papunet p\u00e5 svenska<\/title>\n<meta name=\"robots\" content=\"index, follow, max-snippet:-1, max-image-preview:large, max-video-preview:-1\" \/>\n<link rel=\"canonical\" href=\"https:\/\/papunet.net\/sv\/da-barnet-kommer-med-ett-eget-sprak\/\" \/>\n<meta property=\"og:locale\" content=\"sv_SE\" \/>\n<meta property=\"og:type\" content=\"article\" \/>\n<meta property=\"og:title\" content=\"D\u00e5 barnet kommer med ett eget spr\u00e5k - Papunet p\u00e5 svenska\" \/>\n<meta property=\"og:description\" content=\"Om barnet kommer att beh\u00f6va ett alternativt eller kompletterande s\u00e4tt att kommunicera s\u00e5 betyder det i de allra flesta fall att hela omgivningen skall l\u00e4ra sig n\u00e5got nytt. Det g\u00e4ller \u00e4ven f\u00f6r f\u00f6r\u00e4ldrarna.\" \/>\n<meta property=\"og:url\" content=\"https:\/\/papunet.net\/sv\/da-barnet-kommer-med-ett-eget-sprak\/\" \/>\n<meta property=\"og:site_name\" content=\"Papunet p\u00e5 svenska\" \/>\n<meta property=\"article:published_time\" content=\"2024-09-13T12:01:29+00:00\" \/>\n<meta property=\"article:modified_time\" content=\"2025-06-18T07:52:31+00:00\" \/>\n<meta property=\"og:image\" content=\"https:\/\/papunet.net\/sv\/wp-content\/uploads\/sites\/2\/2025\/04\/Kolumn-1_kuva.png\" \/>\n\t<meta property=\"og:image:width\" content=\"522\" \/>\n\t<meta property=\"og:image:height\" content=\"400\" \/>\n\t<meta property=\"og:image:type\" content=\"image\/png\" \/>\n<meta name=\"author\" content=\"maija.ylatupa\" \/>\n<meta name=\"twitter:card\" content=\"summary_large_image\" \/>\n<meta name=\"twitter:label1\" content=\"Skriven av\" \/>\n\t<meta name=\"twitter:data1\" content=\"maija.ylatupa\" \/>\n\t<meta name=\"twitter:label2\" content=\"Ber\u00e4knad l\u00e4stid\" \/>\n\t<meta name=\"twitter:data2\" content=\"4 minuter\" \/>\n<script type=\"application\/ld+json\" class=\"yoast-schema-graph\">{\"@context\":\"https:\/\/schema.org\",\"@graph\":[{\"@type\":\"WebPage\",\"@id\":\"https:\/\/papunet.net\/sv\/da-barnet-kommer-med-ett-eget-sprak\/\",\"url\":\"https:\/\/papunet.net\/sv\/da-barnet-kommer-med-ett-eget-sprak\/\",\"name\":\"D\u00e5 barnet kommer med ett eget spr\u00e5k - Papunet p\u00e5 svenska\",\"isPartOf\":{\"@id\":\"https:\/\/papunet.net\/sv\/#website\"},\"primaryImageOfPage\":{\"@id\":\"https:\/\/papunet.net\/sv\/da-barnet-kommer-med-ett-eget-sprak\/#primaryimage\"},\"image\":{\"@id\":\"https:\/\/papunet.net\/sv\/da-barnet-kommer-med-ett-eget-sprak\/#primaryimage\"},\"thumbnailUrl\":\"https:\/\/papunet.net\/sv\/wp-content\/uploads\/sites\/2\/2025\/04\/Kolumn-1_kuva.png\",\"datePublished\":\"2024-09-13T12:01:29+00:00\",\"dateModified\":\"2025-06-18T07:52:31+00:00\",\"author\":{\"@id\":\"https:\/\/papunet.net\/sv\/#\/schema\/person\/34695717bdf4fb525dde35f1465e8325\"},\"breadcrumb\":{\"@id\":\"https:\/\/papunet.net\/sv\/da-barnet-kommer-med-ett-eget-sprak\/#breadcrumb\"},\"inLanguage\":\"sv-SE\",\"potentialAction\":[{\"@type\":\"ReadAction\",\"target\":[\"https:\/\/papunet.net\/sv\/da-barnet-kommer-med-ett-eget-sprak\/\"]}]},{\"@type\":\"ImageObject\",\"inLanguage\":\"sv-SE\",\"@id\":\"https:\/\/papunet.net\/sv\/da-barnet-kommer-med-ett-eget-sprak\/#primaryimage\",\"url\":\"https:\/\/papunet.net\/sv\/wp-content\/uploads\/sites\/2\/2025\/04\/Kolumn-1_kuva.png\",\"contentUrl\":\"https:\/\/papunet.net\/sv\/wp-content\/uploads\/sites\/2\/2025\/04\/Kolumn-1_kuva.png\",\"width\":522,\"height\":400},{\"@type\":\"BreadcrumbList\",\"@id\":\"https:\/\/papunet.net\/sv\/da-barnet-kommer-med-ett-eget-sprak\/#breadcrumb\",\"itemListElement\":[{\"@type\":\"ListItem\",\"position\":1,\"name\":\"Framsida\",\"item\":\"https:\/\/papunet.net\/sv\/\"},{\"@type\":\"ListItem\",\"position\":2,\"name\":\"Information\",\"item\":\"https:\/\/papunet.net\/sv\/information\/\"},{\"@type\":\"ListItem\",\"position\":3,\"name\":\"D\u00e5 barnet kommer med ett eget spr\u00e5k\"}]},{\"@type\":\"WebSite\",\"@id\":\"https:\/\/papunet.net\/sv\/#website\",\"url\":\"https:\/\/papunet.net\/sv\/\",\"name\":\"Papunet p\u00e5 svenska\",\"description\":\"\",\"potentialAction\":[{\"@type\":\"SearchAction\",\"target\":{\"@type\":\"EntryPoint\",\"urlTemplate\":\"https:\/\/papunet.net\/sv\/?s={search_term_string}\"},\"query-input\":\"required name=search_term_string\"}],\"inLanguage\":\"sv-SE\"},{\"@type\":\"Person\",\"@id\":\"https:\/\/papunet.net\/sv\/#\/schema\/person\/34695717bdf4fb525dde35f1465e8325\",\"name\":\"maija.ylatupa\",\"image\":{\"@type\":\"ImageObject\",\"inLanguage\":\"sv-SE\",\"@id\":\"https:\/\/papunet.net\/sv\/#\/schema\/person\/image\/\",\"url\":\"https:\/\/secure.gravatar.com\/avatar\/b0ef14b9722215d108a22e6f7a8d85b5a2db872e9a9be47459f3578136364b16?s=96&d=mm&r=g\",\"contentUrl\":\"https:\/\/secure.gravatar.com\/avatar\/b0ef14b9722215d108a22e6f7a8d85b5a2db872e9a9be47459f3578136364b16?s=96&d=mm&r=g\",\"caption\":\"maija.ylatupa\"},\"url\":\"https:\/\/papunet.net\/sv\/author\/maija-ylatupa\/\"}]}<\/script>\n<!-- \/ Yoast SEO plugin. -->","yoast_head_json":{"title":"D\u00e5 barnet kommer med ett eget spr\u00e5k - Papunet p\u00e5 svenska","robots":{"index":"index","follow":"follow","max-snippet":"max-snippet:-1","max-image-preview":"max-image-preview:large","max-video-preview":"max-video-preview:-1"},"canonical":"https:\/\/papunet.net\/sv\/da-barnet-kommer-med-ett-eget-sprak\/","og_locale":"sv_SE","og_type":"article","og_title":"D\u00e5 barnet kommer med ett eget spr\u00e5k - Papunet p\u00e5 svenska","og_description":"Om barnet kommer att beh\u00f6va ett alternativt eller kompletterande s\u00e4tt att kommunicera s\u00e5 betyder det i de allra flesta fall att hela omgivningen skall l\u00e4ra sig n\u00e5got nytt. Det g\u00e4ller \u00e4ven f\u00f6r f\u00f6r\u00e4ldrarna.","og_url":"https:\/\/papunet.net\/sv\/da-barnet-kommer-med-ett-eget-sprak\/","og_site_name":"Papunet p\u00e5 svenska","article_published_time":"2024-09-13T12:01:29+00:00","article_modified_time":"2025-06-18T07:52:31+00:00","og_image":[{"width":522,"height":400,"url":"https:\/\/papunet.net\/sv\/wp-content\/uploads\/sites\/2\/2025\/04\/Kolumn-1_kuva.png","type":"image\/png"}],"author":"maija.ylatupa","twitter_card":"summary_large_image","twitter_misc":{"Skriven av":"maija.ylatupa","Ber\u00e4knad l\u00e4stid":"4 minuter"},"schema":{"@context":"https:\/\/schema.org","@graph":[{"@type":"WebPage","@id":"https:\/\/papunet.net\/sv\/da-barnet-kommer-med-ett-eget-sprak\/","url":"https:\/\/papunet.net\/sv\/da-barnet-kommer-med-ett-eget-sprak\/","name":"D\u00e5 barnet kommer med ett eget spr\u00e5k - Papunet p\u00e5 svenska","isPartOf":{"@id":"https:\/\/papunet.net\/sv\/#website"},"primaryImageOfPage":{"@id":"https:\/\/papunet.net\/sv\/da-barnet-kommer-med-ett-eget-sprak\/#primaryimage"},"image":{"@id":"https:\/\/papunet.net\/sv\/da-barnet-kommer-med-ett-eget-sprak\/#primaryimage"},"thumbnailUrl":"https:\/\/papunet.net\/sv\/wp-content\/uploads\/sites\/2\/2025\/04\/Kolumn-1_kuva.png","datePublished":"2024-09-13T12:01:29+00:00","dateModified":"2025-06-18T07:52:31+00:00","author":{"@id":"https:\/\/papunet.net\/sv\/#\/schema\/person\/34695717bdf4fb525dde35f1465e8325"},"breadcrumb":{"@id":"https:\/\/papunet.net\/sv\/da-barnet-kommer-med-ett-eget-sprak\/#breadcrumb"},"inLanguage":"sv-SE","potentialAction":[{"@type":"ReadAction","target":["https:\/\/papunet.net\/sv\/da-barnet-kommer-med-ett-eget-sprak\/"]}]},{"@type":"ImageObject","inLanguage":"sv-SE","@id":"https:\/\/papunet.net\/sv\/da-barnet-kommer-med-ett-eget-sprak\/#primaryimage","url":"https:\/\/papunet.net\/sv\/wp-content\/uploads\/sites\/2\/2025\/04\/Kolumn-1_kuva.png","contentUrl":"https:\/\/papunet.net\/sv\/wp-content\/uploads\/sites\/2\/2025\/04\/Kolumn-1_kuva.png","width":522,"height":400},{"@type":"BreadcrumbList","@id":"https:\/\/papunet.net\/sv\/da-barnet-kommer-med-ett-eget-sprak\/#breadcrumb","itemListElement":[{"@type":"ListItem","position":1,"name":"Framsida","item":"https:\/\/papunet.net\/sv\/"},{"@type":"ListItem","position":2,"name":"Information","item":"https:\/\/papunet.net\/sv\/information\/"},{"@type":"ListItem","position":3,"name":"D\u00e5 barnet kommer med ett eget spr\u00e5k"}]},{"@type":"WebSite","@id":"https:\/\/papunet.net\/sv\/#website","url":"https:\/\/papunet.net\/sv\/","name":"Papunet p\u00e5 svenska","description":"","potentialAction":[{"@type":"SearchAction","target":{"@type":"EntryPoint","urlTemplate":"https:\/\/papunet.net\/sv\/?s={search_term_string}"},"query-input":"required name=search_term_string"}],"inLanguage":"sv-SE"},{"@type":"Person","@id":"https:\/\/papunet.net\/sv\/#\/schema\/person\/34695717bdf4fb525dde35f1465e8325","name":"maija.ylatupa","image":{"@type":"ImageObject","inLanguage":"sv-SE","@id":"https:\/\/papunet.net\/sv\/#\/schema\/person\/image\/","url":"https:\/\/secure.gravatar.com\/avatar\/b0ef14b9722215d108a22e6f7a8d85b5a2db872e9a9be47459f3578136364b16?s=96&d=mm&r=g","contentUrl":"https:\/\/secure.gravatar.com\/avatar\/b0ef14b9722215d108a22e6f7a8d85b5a2db872e9a9be47459f3578136364b16?s=96&d=mm&r=g","caption":"maija.ylatupa"},"url":"https:\/\/papunet.net\/sv\/author\/maija-ylatupa\/"}]}},"acf":[],"_links":{"self":[{"href":"https:\/\/papunet.net\/sv\/wp-json\/wp\/v2\/posts\/3450","targetHints":{"allow":["GET"]}}],"collection":[{"href":"https:\/\/papunet.net\/sv\/wp-json\/wp\/v2\/posts"}],"about":[{"href":"https:\/\/papunet.net\/sv\/wp-json\/wp\/v2\/types\/post"}],"author":[{"embeddable":true,"href":"https:\/\/papunet.net\/sv\/wp-json\/wp\/v2\/users\/5"}],"replies":[{"embeddable":true,"href":"https:\/\/papunet.net\/sv\/wp-json\/wp\/v2\/comments?post=3450"}],"version-history":[{"count":14,"href":"https:\/\/papunet.net\/sv\/wp-json\/wp\/v2\/posts\/3450\/revisions"}],"predecessor-version":[{"id":6264,"href":"https:\/\/papunet.net\/sv\/wp-json\/wp\/v2\/posts\/3450\/revisions\/6264"}],"wp:featuredmedia":[{"embeddable":true,"href":"https:\/\/papunet.net\/sv\/wp-json\/wp\/v2\/media\/4867"}],"wp:attachment":[{"href":"https:\/\/papunet.net\/sv\/wp-json\/wp\/v2\/media?parent=3450"}],"wp:term":[{"taxonomy":"category","embeddable":true,"href":"https:\/\/papunet.net\/sv\/wp-json\/wp\/v2\/categories?post=3450"},{"taxonomy":"content_types","embeddable":true,"href":"https:\/\/papunet.net\/sv\/wp-json\/wp\/v2\/content_types?post=3450"},{"taxonomy":"id_themes","embeddable":true,"href":"https:\/\/papunet.net\/sv\/wp-json\/wp\/v2\/id_themes?post=3450"}],"curies":[{"name":"wp","href":"https:\/\/api.w.org\/{rel}","templated":true}]}}